{"id":7504,"date":"2018-04-30T21:57:37","date_gmt":"2018-04-30T19:57:37","guid":{"rendered":"http:\/\/darcyenjune.nl\/?p=7504"},"modified":"2018-05-10T22:34:54","modified_gmt":"2018-05-10T20:34:54","slug":"2018-week-18-2","status":"publish","type":"post","link":"https:\/\/darcyenjune.nl\/?p=7504","title":{"rendered":"2018 week 18"},"content":{"rendered":"<figure id=\"attachment_7520\" aria-describedby=\"caption-attachment-7520\" style=\"width: 279px\" class=\"wp-caption alignleft\"><img decoding=\"async\" loading=\"lazy\" class=\"size-medium wp-image-7520\" src=\"http:\/\/darcyenjune.nl\/wp-content\/uploads\/2018\/04\/20180502_101622-e1525984478274-279x364.jpg\" alt=\"\" width=\"279\" height=\"364\" srcset=\"https:\/\/darcyenjune.nl\/wp-content\/uploads\/2018\/04\/20180502_101622-e1525984478274-279x364.jpg 279w, https:\/\/darcyenjune.nl\/wp-content\/uploads\/2018\/04\/20180502_101622-e1525984478274-324x423.jpg 324w, https:\/\/darcyenjune.nl\/wp-content\/uploads\/2018\/04\/20180502_101622-e1525984478274.jpg 440w\" sizes=\"(max-width: 279px) 100vw, 279px\" \/><figcaption id=\"caption-attachment-7520\" class=\"wp-caption-text\">Blaine<\/figcaption><\/figure>\n<h2><strong>Zondag 29 april<\/strong><\/h2>\n<p>Vanmiddag hebben Blaine en ik een extra training. We hebben 1 training gemist, omdat ze loops was. Het is de hele dag al slecht weer en ook vanmiddag gaan de dikke jas, laarzen en hoed aan. <a href=\"http:\/\/darcyenjune.nl\/?page_id=7446\" target=\"_blank\" rel=\"noopener\">Lees meer.<\/a><\/p>\n<h2><strong>Maandag 30 april<\/strong><\/h2>\n<p>En ja weer een regendag, na gisteren 3 x nat te zijn geregend, gebeurd het vandaag weer. Geen 3 x voor ons, want Blaine en ik slaan de GG-training over.<\/p>\n<h4>Maddy<\/h4>\n<p>Ze wordt slank! En ziet er zo veel beter uit. Al heel lang is ze aan de lijn, ze is het daar niet meer eens overigens, eindelijk werpt het zijn vruchten af. Ik kan Blaine en Maddy, behalve de hoogte, bijna niet meer uit elkaar houden.<\/p>\n<figure id=\"attachment_7517\" aria-describedby=\"caption-attachment-7517\" style=\"width: 279px\" class=\"wp-caption alignright\"><img decoding=\"async\" loading=\"lazy\" class=\"size-medium wp-image-7517\" src=\"http:\/\/darcyenjune.nl\/wp-content\/uploads\/2018\/04\/sized_IMG-20180502-WA0001-279x364.jpg\" alt=\"\" width=\"279\" height=\"364\" srcset=\"https:\/\/darcyenjune.nl\/wp-content\/uploads\/2018\/04\/sized_IMG-20180502-WA0001-279x364.jpg 279w, https:\/\/darcyenjune.nl\/wp-content\/uploads\/2018\/04\/sized_IMG-20180502-WA0001-324x423.jpg 324w, https:\/\/darcyenjune.nl\/wp-content\/uploads\/2018\/04\/sized_IMG-20180502-WA0001.jpg 440w\" sizes=\"(max-width: 279px) 100vw, 279px\" \/><figcaption id=\"caption-attachment-7517\" class=\"wp-caption-text\">Nola en Mika<\/figcaption><\/figure>\n<h2>Woensdag 2 mei<\/h2>\n<p>Een leuk, mooie, succesvolle training in Hilversum met een witte verassing. Het is voorlopig de laatste training, de trainer gaat trainingen verzorgen in Frankrijk. De bofkont. <a href=\"http:\/\/darcyenjune.nl\/?page_id=7446\">Lees meer.<\/a><\/p>\n<h2>Donderdag 3 mei<\/h2>\n<p>Het gaat weer steeds meer de goede kant op met het weer. Het is droog en de zon komt meer en meer. Van Karin krijg ik foto\u2019s van Nola en Mika, het zijn al echte maatjes.<\/p>\n<h2>Zaterdag 5 mei<\/h2>\n<p>We gaan toch maar naar de trimbaan, het is op het randje. Het wordt hier snel heel heet, nu kan het nog net. Ook staat er nog water in het meertje, al wordt het snel minder met dit weer. \u2019s Middags gaan we sinds een lange tijd weer eens naar Nieuw-Vennep, ze vinden het leuk de honden. De rit er naar toe is minder. Het is zo druk rond Keukenhof en de toeristen worden zo brutaal. Een paar jaar geleden kon ik makkelijk via de andere route rijden, die achter Keukenhof om rijdt. Die vlieger gaat niet meer op, ook hier wemelt het van de toeristen. Lopend, met de auto of fietsend. Ze zijn zo brutaal en staan midden tussen de bloemen, kijken niet naar borden die waarschuwen om niet tussen de bollen te lopen. Ik maakte altijd graag foto&#8217;s van de velden en ik wil er nog \u00e9\u00e9n van Blaine maken, v\u00f2\u00f2r de tulpen. Dit alles, het is zo masaal en chaotisch, ik heb er zo geen zin meer in. Maar het zet de bollenstreek wel op de kaart en dat is ook belangrijk.<\/p>\n","protected":false},"excerpt":{"rendered":"<p>Op de foto hierboven Puk tijdens de OWT. Extra jachttrainingen deze week. Er valt veel water uit de lucht, het meertje op de trimbaan was weg, maar is weer helemaal terug. <\/p>\n","protected":false},"author":1,"featured_media":7506,"comment_status":"closed","ping_status":"closed","sticky":false,"template":"","format":"standard","meta":[],"categories":[4],"tags":[],"_links":{"self":[{"href":"https:\/\/darcyenjune.nl\/index.php?rest_route=\/wp\/v2\/posts\/7504"}],"collection":[{"href":"https:\/\/darcyenjune.nl\/index.php?rest_route=\/wp\/v2\/posts"}],"about":[{"href":"https:\/\/darcyenjune.nl\/index.php?rest_route=\/wp\/v2\/types\/post"}],"author":[{"embeddable":true,"href":"https:\/\/darcyenjune.nl\/index.php?rest_route=\/wp\/v2\/users\/1"}],"replies":[{"embeddable":true,"href":"https:\/\/darcyenjune.nl\/index.php?rest_route=%2Fwp%2Fv2%2Fcomments&post=7504"}],"version-history":[{"count":6,"href":"https:\/\/darcyenjune.nl\/index.php?rest_route=\/wp\/v2\/posts\/7504\/revisions"}],"predecessor-version":[{"id":7521,"href":"https:\/\/darcyenjune.nl\/index.php?rest_route=\/wp\/v2\/posts\/7504\/revisions\/7521"}],"wp:featuredmedia":[{"embeddable":true,"href":"https:\/\/darcyenjune.nl\/index.php?rest_route=\/wp\/v2\/media\/7506"}],"wp:attachment":[{"href":"https:\/\/darcyenjune.nl\/index.php?rest_route=%2Fwp%2Fv2%2Fmedia&parent=7504"}],"wp:term":[{"taxonomy":"category","embeddable":true,"href":"https:\/\/darcyenjune.nl\/index.php?rest_route=%2Fwp%2Fv2%2Fcategories&post=7504"},{"taxonomy":"post_tag","embeddable":true,"href":"https:\/\/darcyenjune.nl\/index.php?rest_route=%2Fwp%2Fv2%2Ftags&post=7504"}],"curies":[{"name":"wp","href":"https:\/\/api.w.org\/{rel}","templated":true}]}}