{"id":13161,"date":"2020-09-30T22:03:44","date_gmt":"2020-09-30T20:03:44","guid":{"rendered":"https:\/\/darcyenjune.nl\/?p=13161"},"modified":"2020-10-06T21:52:34","modified_gmt":"2020-10-06T19:52:34","slug":"2020-week-40","status":"publish","type":"post","link":"https:\/\/darcyenjune.nl\/?p=13161","title":{"rendered":"2020 week 40"},"content":{"rendered":"\n<h2 class=\"wp-block-heading\">Zondag 27 september<\/h2>\n\n\n\n<p><strong>Lekker wandelweer<\/strong><\/p>\n\n\n\n<p>Gisteren veel regen en vanmorgen is het lekker wandelweer. Ella gaat mee en we doen ook wat oefeningen, die heel goed gaan.<\/p>\n\n\n\n<p><strong>Neurotisch<\/strong><\/p>\n\n\n\n<p>\u2019s Middags gaan we naar de Bavo en het lijkt wel alsof de honden de hele dag niet weggeweest zijn. Ze komen de auto uit helemaal hyper en wanneer ik ze loslaat rennen ze met een noodgang het veld op. Een zwart Labradoedel schrikt zich rot en maakt een sprong in de lucht, wat er weer heel komisch uitziet. Gekke honden.<\/p>\n\n\n\n<div class=\"wp-block-columns is-layout-flex wp-container-3\">\n<div class=\"wp-block-column is-layout-flow\">\n<figure class=\"wp-block-image size-large\"><img decoding=\"async\" loading=\"lazy\" width=\"500\" height=\"340\" src=\"https:\/\/darcyenjune.nl\/wp-content\/uploads\/2020\/09\/sized_IMGP2006-500x340.jpg\" alt=\"\" class=\"wp-image-13163\" srcset=\"https:\/\/darcyenjune.nl\/wp-content\/uploads\/2020\/09\/sized_IMGP2006-500x340.jpg 500w, https:\/\/darcyenjune.nl\/wp-content\/uploads\/2020\/09\/sized_IMGP2006-350x238.jpg 350w, https:\/\/darcyenjune.nl\/wp-content\/uploads\/2020\/09\/sized_IMGP2006-450x306.jpg 450w, https:\/\/darcyenjune.nl\/wp-content\/uploads\/2020\/09\/sized_IMGP2006.jpg 600w\" sizes=\"(max-width: 500px) 100vw, 500px\" \/><\/figure>\n<\/div>\n\n\n\n<div class=\"wp-block-column is-layout-flow\">\n<figure class=\"wp-block-image size-large\"><img decoding=\"async\" loading=\"lazy\" width=\"500\" height=\"340\" src=\"https:\/\/darcyenjune.nl\/wp-content\/uploads\/2020\/09\/sized_IMGP2008-1-500x340.jpg\" alt=\"\" class=\"wp-image-13164\" srcset=\"https:\/\/darcyenjune.nl\/wp-content\/uploads\/2020\/09\/sized_IMGP2008-1-500x340.jpg 500w, https:\/\/darcyenjune.nl\/wp-content\/uploads\/2020\/09\/sized_IMGP2008-1-350x238.jpg 350w, https:\/\/darcyenjune.nl\/wp-content\/uploads\/2020\/09\/sized_IMGP2008-1-450x306.jpg 450w, https:\/\/darcyenjune.nl\/wp-content\/uploads\/2020\/09\/sized_IMGP2008-1.jpg 600w\" sizes=\"(max-width: 500px) 100vw, 500px\" \/><\/figure>\n<\/div>\n<\/div>\n\n\n\n<div class=\"wp-block-columns is-layout-flex wp-container-6\">\n<div class=\"wp-block-column is-layout-flow\">\n<h2 class=\"block-editor-block-list__block wp-block is-selected rich-text block-editor-rich-text__editable is-hovered wp-block-heading\" id=\"block-ec7e132d-d2e7-4ab0-b252-bcb0e8dc2d43\">Maandag 28 september<\/h2>\n\n\n\n<p><strong>Gedrag- en Gehoorzaamheid<\/strong><\/p>\n\n\n\n<p>Aan het einde van de middag regent het en we hebben straks GG-training. Dat is weer wennen hoor voor Blaine een nat grasveld. Het vergt heel wat van haar, want met veel oefeningen moet ze liggen. Ze doet het, maar steeds minder graag.<\/p>\n<\/div>\n\n\n\n<div class=\"wp-block-column is-layout-flow\">\n<h2 class=\"wp-block-heading\">Dinsdag 29 september<\/h2>\n\n\n\n<p><strong>Weimaraner pupjes<\/strong><\/p>\n\n\n\n<p>Ik krijg de laatste tijd opvallend veel vraag naar pupjes. Helaas, een nestje zit er voorlopig niet in. Er zit een operatie aan te komen, al weet ik nog steeds niet wanneer. Nu hebben we ook weer een tweede coronacrisis\u2026.<\/p>\n<\/div>\n<\/div>\n\n\n\n<h2 class=\"wp-block-heading\">Woensdag 30 september<\/h2>\n\n\n\n<div class=\"wp-block-image\"><figure class=\"alignleft size-large is-resized\"><img decoding=\"async\" loading=\"lazy\" src=\"https:\/\/darcyenjune.nl\/wp-content\/uploads\/2020\/09\/sized_IMGP1978-500x340.jpg\" alt=\"\" class=\"wp-image-13165\" width=\"417\" height=\"284\" srcset=\"https:\/\/darcyenjune.nl\/wp-content\/uploads\/2020\/09\/sized_IMGP1978-500x340.jpg 500w, https:\/\/darcyenjune.nl\/wp-content\/uploads\/2020\/09\/sized_IMGP1978-350x238.jpg 350w, https:\/\/darcyenjune.nl\/wp-content\/uploads\/2020\/09\/sized_IMGP1978-450x306.jpg 450w, https:\/\/darcyenjune.nl\/wp-content\/uploads\/2020\/09\/sized_IMGP1978.jpg 600w\" sizes=\"(max-width: 417px) 100vw, 417px\" \/><\/figure><\/div>\n\n\n\n<p><strong>Waar?<\/strong><\/p>\n\n\n\n<p>We wandelen \u2019s morgens in Hoofddorp\/Zwaanshoek, \u00e9\u00e9n fazant vliegt er op en de honden missen hem. Ok\u00e9 het is een rare wind, dan uit het oosten, dan weer uit het zuiden\u2026<\/p>\n\n\n\n<p><\/p>\n\n\n\n<p class=\"has-text-align-left\"><strong>Oefenen<\/strong><\/p>\n\n\n\n<p class=\"has-text-align-left\">Lijn vooruit, links en rechts. Het gaat goed, alleen de lijn naar links moet overnieuw.<\/p>\n\n\n\n<p><strong>Dierenarts<\/strong><\/p>\n\n\n\n<p>Eindelijk heb ik een afspraak gemaakt voor Blaine, morgen om 16.00 uur mogen we komen. Vreselijk! Het gaat om de bult op haar rug.<\/p>\n\n\n\n<div class=\"wp-block-image\"><figure class=\"alignright size-large\"><img decoding=\"async\" loading=\"lazy\" width=\"238\" height=\"350\" src=\"https:\/\/darcyenjune.nl\/wp-content\/uploads\/2020\/09\/sized_IMGP2001-1-238x350.jpg\" alt=\"\" class=\"wp-image-13166\" srcset=\"https:\/\/darcyenjune.nl\/wp-content\/uploads\/2020\/09\/sized_IMGP2001-1-238x350.jpg 238w, https:\/\/darcyenjune.nl\/wp-content\/uploads\/2020\/09\/sized_IMGP2001-1-173x255.jpg 173w, https:\/\/darcyenjune.nl\/wp-content\/uploads\/2020\/09\/sized_IMGP2001-1.jpg 408w\" sizes=\"(max-width: 238px) 100vw, 238px\" \/><\/figure><\/div>\n\n\n\n<p><strong>Oefenen deel 2<\/strong><\/p>\n\n\n\n<p>Ik oefen drie lijnen met Blaine, rechts, links en in het midden. Blaine is aan de riem bij mijn moeder en ziet niets en Maddy is gewoon los. Eerst blijft ze staan want mijn moeder en Blaine gaan niet mee. Terwijl ik de dummy op zijn plek neerleg &#8211; lijn lopen en dummy neerleggen, lijn lopen en dummy neerleggen, lijn lopen en dummy neerleggen \u2013 kijkt Maddy het op een afstandje aan. Wanneer ik klaar ben komt ze naar me toe en kijkt me aan. \u2018Wat moet ik doen baas\u2019, lijkt ze te vragen, maar ik heb het niet door. Ze loopt wel wat heen en weer, dat valt op. Dan neemt ze zelf maar de beslissing, want er moet vast iets gehaald worden. Kordaat loopt ze de schuine lijn rechts, puur op mijn geur van mijn voetstappen. \u2018Oh Maddy nee\u2019, denk ik. Maar ze doet het zo braaf, aan het einde van de lijn zoekt en ruikt ze en vindt de dummy. Echt heel goed gedaan Maddy en ze is helemaal blij. Alleen moet ik weer die lijn lopen en de dummy neerleggen\u2026.<\/p>\n\n\n\n<p><strong>Hoe doet Blaine het?<\/strong><\/p>\n\n\n\n<p>Nou stukken minder, eigenlijk lijkt het nergens op. Ik moet twee keer de lijn zelf oplopen en de dummy aanwijzen en dan pas loopt ze de lijn goed.<\/p>\n\n\n\n<h2 class=\"wp-block-heading\">Donderdag 1 oktober<\/h2>\n\n\n\n<div class=\"wp-block-columns is-layout-flex wp-container-10\">\n<div class=\"wp-block-column is-layout-flow\">\n<p><strong>De bult<\/strong><\/p>\n<p>Zoals ik gisteren schreef, om 16.00 uur moeten Blaine en ik bij de dierenarts zijn. Het uur van de waarheid, mijn baby, wat hangt ons boven het hoofd. Weer\u2026 Mijn grootste angst is dat de tumor een mastocyt is, maar het kan net zo goed een ontstoken talgklier zijn.<\/p>\n\n\n\n<figure class=\"wp-block-image size-full is-resized\"><img decoding=\"async\" loading=\"lazy\" src=\"https:\/\/darcyenjune.nl\/wp-content\/uploads\/2020\/10\/sized_IMGP2015.jpg\" alt=\"\" class=\"wp-image-13174\" width=\"160\" height=\"236\" srcset=\"https:\/\/darcyenjune.nl\/wp-content\/uploads\/2020\/10\/sized_IMGP2015.jpg 408w, https:\/\/darcyenjune.nl\/wp-content\/uploads\/2020\/10\/sized_IMGP2015-173x255.jpg 173w, https:\/\/darcyenjune.nl\/wp-content\/uploads\/2020\/10\/sized_IMGP2015-238x350.jpg 238w\" sizes=\"(max-width: 160px) 100vw, 160px\" \/><\/figure>\n\n\n\n<figure class=\"wp-block-image size-large is-resized\"><img decoding=\"async\" loading=\"lazy\" src=\"https:\/\/darcyenjune.nl\/wp-content\/uploads\/2020\/10\/sized_20200828_121339-177x350.jpg\" alt=\"\" class=\"wp-image-13187\" width=\"157\" height=\"309\" srcset=\"https:\/\/darcyenjune.nl\/wp-content\/uploads\/2020\/10\/sized_20200828_121339-177x350.jpg 177w, https:\/\/darcyenjune.nl\/wp-content\/uploads\/2020\/10\/sized_20200828_121339-129x255.jpg 129w, https:\/\/darcyenjune.nl\/wp-content\/uploads\/2020\/10\/sized_20200828_121339-rotated.jpg 304w\" sizes=\"(max-width: 157px) 100vw, 157px\" \/><\/figure>\n<\/div>\n\n\n\n<div class=\"wp-block-column is-layout-flow\">\n<p><strong>Mastocyt of niet?<\/strong><\/p>\n\n\n\n<p>Met het laatste heb ik geen ervaring, maar ik weet wel dat een Weimaraner van Nicole een bult op haar rug had wat een talgklier was, het moest wel weggehaald worden. Met het eerste heb ik veel te veel ervaring mee, Dayan, Jeska, Darcy en June hadden allen mastocyten. Rotdingen zijn het, steeds weer bulten overal op het lijf en waarschijnlijk ook binnenin die voor ons onzichtbaar zijn, maar wel verwoestend zijn. Ze zijn er in gradaties, I zaait niet uit, II is al wat kwaadaardiger maar hier kunnen ze best nog oud mee worden en III is heel kwaadaardig en ze sterven hier snel aan. Gelukkig hebben we graad III nooit meegemaakt.<\/p>\n<\/div>\n\n\n\n<div class=\"wp-block-column is-layout-flow\">\n<p><strong>En nu?<\/strong><\/p>\n\n\n\n<p>\u201cZal ik het maar gewoon weg laten halen en verder geen biopt nemen en opsturen?\u201d, zeg ik tegen de dierenarts. Ik vind het zo spannend. Zij hakt de knoop door en zegt \u201cBlaine moet even op de tafel\u201d. Ik mag niet helpen en moet op de stoel bij de muur blijven. \u201cHoe ga je dat doen dan?\u201d vraag ik aan haar. \u201cZal even hulp halen\u201d en ze roept Jeroen. Hij houdt Blaine vast en zij geeft zich over en vindt het goed, zolang ze mij maar kan zien. De dierenarts gaat met een naald in de bult van Blaine en ze zuigt wat inhoud op, Blaine geeft geen kick de lieve schat. \u201cHet is talg\u201d zegt de dierenarts. \u201cWat? echt waar! Ik kom even kijken.\u201d In de spuit zit wat lichtbruinig substantie met wat bloed. \u201cOh wat goed! Wat ben ik hier blij mee.\u201d<\/p>\n<\/div>\n<\/div>\n\n\n\n<p><strong>En nu?<\/strong><\/p>\n\n\n\n<p>\u201cKijk maar de bult is nu bijna weg, maar het zal zich weer gaan vullen en dan moet het gewoon weggehaald worden. Maar het is nooit zo\u2019n groot litteken als bij een mastocyt.\u201d Dan moet er rondom de tumor 3 cm. extra huid weggehaald worden. Vaak is er genoeg huid, maar soms ook niet. Ik kijk naar de bult en het is inderdaad bijna weg. We overleggen samen wat te doen. Wanneer de bult weer groter wordt, bel ik om een afspraak te maken om de bult weg te halen. Nu maar hopen dat het zo mooi blijft. Ik blij, Blaine blij, Ella blij en mama Maddy blij.<\/p>\n\n\n\n<div class=\"wp-block-image\"><figure class=\"alignright size-large\"><img decoding=\"async\" loading=\"lazy\" width=\"500\" height=\"253\" src=\"https:\/\/darcyenjune.nl\/wp-content\/uploads\/2020\/10\/sized_20201002_104625-500x253.jpg\" alt=\"\" class=\"wp-image-13175\" srcset=\"https:\/\/darcyenjune.nl\/wp-content\/uploads\/2020\/10\/sized_20201002_104625-500x253.jpg 500w, https:\/\/darcyenjune.nl\/wp-content\/uploads\/2020\/10\/sized_20201002_104625-350x177.jpg 350w, https:\/\/darcyenjune.nl\/wp-content\/uploads\/2020\/10\/sized_20201002_104625-450x228.jpg 450w, https:\/\/darcyenjune.nl\/wp-content\/uploads\/2020\/10\/sized_20201002_104625.jpg 600w\" sizes=\"(max-width: 500px) 100vw, 500px\" \/><\/figure><\/div>\n\n\n\n<h2 class=\"wp-block-heading\">Vrijdag 2 oktober<\/h2>\n\n\n\n<p><strong>Jachttraining<\/strong><\/p>\n\n\n\n<p>Blaine en ik rijden naar Westbroek, ja wist ook niet waar het lag, nog nooit van gehoord. Een nieuw terrein dus wat vlakbij Maarssen ligt. Waarom zijn we hier? Om te trainen natuurlijk. Lees meer.<\/p>\n\n\n\n<div class=\"wp-block-buttons is-layout-flex\">\n<div class=\"wp-block-button is-style-outline\"><a class=\"wp-block-button__link has-pale-pink-color has-white-background-color has-text-color has-background\" href=\"https:\/\/darcyenjune.nl\/?page_id=13096\">Jachttraining<\/a><\/div>\n<\/div>\n\n\n\n<p><\/p>\n","protected":false},"excerpt":{"rendered":"<p>Goed nieuws voor Blaine, lees verder bij donderdag 1 oktober.<\/p>\n","protected":false},"author":1,"featured_media":13169,"comment_status":"closed","ping_status":"closed","sticky":false,"template":"","format":"standard","meta":[],"categories":[51],"tags":[],"_links":{"self":[{"href":"https:\/\/darcyenjune.nl\/index.php?rest_route=\/wp\/v2\/posts\/13161"}],"collection":[{"href":"https:\/\/darcyenjune.nl\/index.php?rest_route=\/wp\/v2\/posts"}],"about":[{"href":"https:\/\/darcyenjune.nl\/index.php?rest_route=\/wp\/v2\/types\/post"}],"author":[{"embeddable":true,"href":"https:\/\/darcyenjune.nl\/index.php?rest_route=\/wp\/v2\/users\/1"}],"replies":[{"embeddable":true,"href":"https:\/\/darcyenjune.nl\/index.php?rest_route=%2Fwp%2Fv2%2Fcomments&post=13161"}],"version-history":[{"count":17,"href":"https:\/\/darcyenjune.nl\/index.php?rest_route=\/wp\/v2\/posts\/13161\/revisions"}],"predecessor-version":[{"id":13217,"href":"https:\/\/darcyenjune.nl\/index.php?rest_route=\/wp\/v2\/posts\/13161\/revisions\/13217"}],"wp:featuredmedia":[{"embeddable":true,"href":"https:\/\/darcyenjune.nl\/index.php?rest_route=\/wp\/v2\/media\/13169"}],"wp:attachment":[{"href":"https:\/\/darcyenjune.nl\/index.php?rest_route=%2Fwp%2Fv2%2Fmedia&parent=13161"}],"wp:term":[{"taxonomy":"category","embeddable":true,"href":"https:\/\/darcyenjune.nl\/index.php?rest_route=%2Fwp%2Fv2%2Fcategories&post=13161"},{"taxonomy":"post_tag","embeddable":true,"href":"https:\/\/darcyenjune.nl\/index.php?rest_route=%2Fwp%2Fv2%2Ftags&post=13161"}],"curies":[{"name":"wp","href":"https:\/\/api.w.org\/{rel}","templated":true}]}}