{"id":13039,"date":"2020-09-07T21:49:00","date_gmt":"2020-09-07T19:49:00","guid":{"rendered":"https:\/\/darcyenjune.nl\/?p=13039"},"modified":"2020-09-20T21:41:51","modified_gmt":"2020-09-20T19:41:51","slug":"2020-week-37","status":"publish","type":"post","link":"https:\/\/darcyenjune.nl\/?p=13039","title":{"rendered":"2020 week 37"},"content":{"rendered":"\n<h2 class=\"wp-block-heading\">Zondag 6 september<\/h2>\n\n\n\n<p><strong>Rustig<\/strong><\/p>\n\n\n\n<div class=\"wp-block-image\"><figure class=\"alignright size-large\"><img decoding=\"async\" loading=\"lazy\" width=\"500\" height=\"341\" src=\"https:\/\/darcyenjune.nl\/wp-content\/uploads\/2020\/09\/sized_IMGP1838-500x341.jpg\" alt=\"\" class=\"wp-image-13040\" srcset=\"https:\/\/darcyenjune.nl\/wp-content\/uploads\/2020\/09\/sized_IMGP1838-500x341.jpg 500w, https:\/\/darcyenjune.nl\/wp-content\/uploads\/2020\/09\/sized_IMGP1838-350x238.jpg 350w, https:\/\/darcyenjune.nl\/wp-content\/uploads\/2020\/09\/sized_IMGP1838-450x307.jpg 450w, https:\/\/darcyenjune.nl\/wp-content\/uploads\/2020\/09\/sized_IMGP1838.jpg 800w\" sizes=\"(max-width: 500px) 100vw, 500px\" \/><\/figure><\/div>\n\n\n\n<p>Een gewone dag, met lekker weer en wandelen met de honden.<\/p>\n\n\n\n<h2 class=\"wp-block-heading\">Maandag 7 september<\/h2>\n\n\n\n<p><strong>Ziekenhuis<\/strong><\/p>\n\n\n\n<p>Vanmorgen met het St. Maartenskliniek gebeld en nee ze kunnen mij niet vertellen hoelang het nog duurt eer ik geopereerd kan worden. De pr\u00e9-operatieve gesprekken krijg ik pas wanneer er een indicatie is voor de operatie. Ja, wat moet ik hier nu mee? Ik wil me voor een paar cursussen opgeven, ik had wedstrijden willen doen en zoals het er nu uitziet had ik dat laatste best kunnen doen. Alleen dat lijf houdt het echt niet een hele dag vol. Een halve dag kost al bijna een week om bij te komen. Ik heb wel weer meer pijn en daar word ik ook niet vrolijk van.<\/p>\n\n\n\n<figure class=\"wp-block-image size-full\"><img decoding=\"async\" loading=\"lazy\" width=\"600\" height=\"271\" src=\"https:\/\/darcyenjune.nl\/wp-content\/uploads\/2020\/09\/sized_20200824_191111-2.jpg\" alt=\"\" class=\"wp-image-13041\" srcset=\"https:\/\/darcyenjune.nl\/wp-content\/uploads\/2020\/09\/sized_20200824_191111-2.jpg 600w, https:\/\/darcyenjune.nl\/wp-content\/uploads\/2020\/09\/sized_20200824_191111-2-350x158.jpg 350w, https:\/\/darcyenjune.nl\/wp-content\/uploads\/2020\/09\/sized_20200824_191111-2-500x226.jpg 500w, https:\/\/darcyenjune.nl\/wp-content\/uploads\/2020\/09\/sized_20200824_191111-2-450x203.jpg 450w\" sizes=\"(max-width: 600px) 100vw, 600px\" \/><\/figure>\n\n\n\n<p><strong>GG<\/strong><\/p>\n\n\n\n<p>Blaine doet het goed, maar ik niet. Ik heb hoofdpijn en ben moe, ik geef verkeerde kommando\u2019s, doe de oefeningen verkeerd. Voor de oefening \u2018om\u2019 gebruik ik \u2018vak\u2019 en Blaine doet het nog ook.<\/p>\n\n\n\n<h2 class=\"wp-block-heading\">Woensdag 9 september<\/h2>\n\n\n\n<p>Blaine is niet lekker en wil niet eten, gelukkig na een maagtablet en rond 13.00 uur wel. <\/p>\n\n\n\n<p><strong>Spoor<\/strong><\/p>\n\n\n\n<div class=\"wp-block-image\"><figure class=\"alignright size-large\"><img decoding=\"async\" loading=\"lazy\" width=\"238\" height=\"350\" src=\"https:\/\/darcyenjune.nl\/wp-content\/uploads\/2020\/09\/sized_IMGP2015-238x350.jpg\" alt=\"\" class=\"wp-image-13050\" srcset=\"https:\/\/darcyenjune.nl\/wp-content\/uploads\/2020\/09\/sized_IMGP2015-238x350.jpg 238w, https:\/\/darcyenjune.nl\/wp-content\/uploads\/2020\/09\/sized_IMGP2015-173x255.jpg 173w, https:\/\/darcyenjune.nl\/wp-content\/uploads\/2020\/09\/sized_IMGP2015.jpg 408w\" sizes=\"(max-width: 238px) 100vw, 238px\" \/><\/figure><\/div>\n\n\n\n<p>Ik leg een spoortje uit op de Bavo. Eigenlijk wil ik het een keer in de waterleidingduinen doen, maar ik heb er niet de energie voor en het is te veel gedoe. <\/p>\n\n\n\n<p><strong>Hoe gaat he<\/strong>t?<\/p>\n\n\n\n<p>Mijn moeder loopt mee en dat geeft toch afleiding. Blaine begint te gehaast en gaat meteen verkeerd. Maar ze herstelt zich. Verder loopt ze eigenlijk heel goed. Het is heel lang en halverwege steekt ze een stuk af. Soms weet ze het even niet, blijft staan en vindt het weer. Het ree\u00ebnpootje vindt ze heel snel, ze is trots en ik ook. Blije jet.<\/p>\n\n\n\n<h2 class=\"wp-block-heading\">Donderdag 10 september<\/h2>\n\n\n\n<div class=\"wp-block-columns is-layout-flex wp-container-4\">\n<div class=\"wp-block-column is-layout-flow\">\n<p><strong data-rich-text-format-boundary=\"true\">Aan de haak<\/strong><\/p>\n<p>De twee musketonhaken zijn binnengekomen en ze zijn een beetje groot. Bij de achterklep zijn twee uitklapbare ogen waar de haken in kunnen en aan iedere haak kan een riem vastgemaakt worden. Zo kunnen de honden niet meer onverwacht uit de auto springen en achter een kat aanrennen. Veiliger voor ons ook, het voorkomt vallen.<\/p>\n<\/div>\n\n\n\n<div class=\"wp-block-column is-layout-flow\">\n<p><strong>Met z&#8217;n twee\u00ebn<\/strong><\/p>\n<p>Het werkt goed. Als ik ze alle twee vastmaak moet de achterklep open en dat vind ik best spannend met het oog op katten.<\/p>\n\n\n\n<figure class=\"wp-block-image size-large\"><img decoding=\"async\" loading=\"lazy\" width=\"259\" height=\"350\" src=\"https:\/\/darcyenjune.nl\/wp-content\/uploads\/2020\/09\/sized_20200830_131731-259x350.jpg\" alt=\"\" class=\"wp-image-13053\" srcset=\"https:\/\/darcyenjune.nl\/wp-content\/uploads\/2020\/09\/sized_20200830_131731-259x350.jpg 259w, https:\/\/darcyenjune.nl\/wp-content\/uploads\/2020\/09\/sized_20200830_131731-189x255.jpg 189w, https:\/\/darcyenjune.nl\/wp-content\/uploads\/2020\/09\/sized_20200830_131731.jpg 444w\" sizes=\"(max-width: 259px) 100vw, 259px\" \/><\/figure>\n<\/div>\n\n\n\n<div class=\"wp-block-column is-layout-flow\">\n<p><strong>Of alleen<\/strong><\/p>\n<p>Vaak maak ik alleen Blaine vast en kan Maddy alvast uit de auto. De eerste keer sprong Blaine snel uit de auto en ja dat ging niet. Ze moest terug in de auto, ze kon ook geen kant op, en moest gewoon wachten op haar beurt. Ik had dit al jaren eerder moeten doen.<\/p>\n<\/div>\n<\/div>\n\n\n\n<h2 class=\"wp-block-heading\">Vrijdag 11 september<\/h2>\n\n\n\n<p><strong>Morgen examen<\/strong><\/p>\n\n\n\n<p class=\"has-white-color has-vivid-green-cyan-background-color has-text-color has-background\">Geen training, ik probeer een beetje rustig aan te doen i.v.m. morgen. Morgen is de examen zweetwerk gevorderden. Zo spannend. Zie meer <strong><a href=\"https:\/\/darcyenjune.nl\/?p=13073\" data-type=\"post\" data-id=\"13073\" target=\"_blank\" rel=\"noreferrer noopener\">week 38<\/a><\/strong><\/p>\n\n\n\n<div class=\"wp-block-media-text alignwide is-stacked-on-mobile\"><figure class=\"wp-block-media-text__media\"><img decoding=\"async\" loading=\"lazy\" width=\"254\" height=\"350\" src=\"http:\/\/darcyenjune.nl\/wp-content\/uploads\/2020\/09\/sized_2020-09-12Blaine-zweetgevorderden-254x350.jpg\" alt=\"\" class=\"wp-image-13076\" srcset=\"https:\/\/darcyenjune.nl\/wp-content\/uploads\/2020\/09\/sized_2020-09-12Blaine-zweetgevorderden-254x350.jpg 254w, https:\/\/darcyenjune.nl\/wp-content\/uploads\/2020\/09\/sized_2020-09-12Blaine-zweetgevorderden-185x255.jpg 185w, https:\/\/darcyenjune.nl\/wp-content\/uploads\/2020\/09\/sized_2020-09-12Blaine-zweetgevorderden.jpg 435w\" sizes=\"(max-width: 254px) 100vw, 254px\" \/><\/figure><div class=\"wp-block-media-text__content\">\n<p class=\"has-white-color has-vivid-green-cyan-background-color has-text-color has-background has-medium-font-size\"><a href=\"https:\/\/darcyenjune.nl\/?page_id=13058\" data-type=\"page\" data-id=\"13058\" target=\"_blank\" rel=\"noreferrer noopener\">Zie verslag examen zweetwerk gevorderden<\/a><\/p>\n<\/div><\/div>\n\n\n\n<p><strong>Vast deel 2<\/strong><\/p>\n\n\n\n<p>Ik maak alleen Blaine vast, ze weet nu wel dat ze er niet uit kan springen. Uhh, fout. Maddy mag er als eerste uit. \u2018Ho dat gaat zomaar niet\u2019, denkt Blaine en snel springt ze voor Maddy eruit. Dat gaat niet en de riem zit nu heel strak om haar hals. Ik word boos en zeg: \u201csnel, de auto in\u201d. Blaine weet echt wel wanneer het menens is en springt snel de auto in.<\/p>\n\n\n\n<div class=\"wp-block-image\"><figure class=\"alignright size-large\"><img decoding=\"async\" loading=\"lazy\" width=\"500\" height=\"340\" src=\"https:\/\/darcyenjune.nl\/wp-content\/uploads\/2020\/09\/sized_IMGP1980-500x340.jpg\" alt=\"\" class=\"wp-image-13055\" srcset=\"https:\/\/darcyenjune.nl\/wp-content\/uploads\/2020\/09\/sized_IMGP1980-500x340.jpg 500w, https:\/\/darcyenjune.nl\/wp-content\/uploads\/2020\/09\/sized_IMGP1980-350x238.jpg 350w, https:\/\/darcyenjune.nl\/wp-content\/uploads\/2020\/09\/sized_IMGP1980-450x306.jpg 450w, https:\/\/darcyenjune.nl\/wp-content\/uploads\/2020\/09\/sized_IMGP1980.jpg 600w\" sizes=\"(max-width: 500px) 100vw, 500px\" \/><\/figure><\/div>\n\n\n\n<p><strong>Boos<\/strong><\/p>\n\n\n\n<p>Na het eten van de honden en tegen de tijd dat wij gaan eten, staat Blaine ineens achter mij in de keuken en kijkt mij heel intens en hautain en boos aan. Oh dat is nog van net, wedden. Ze draait zich om en gaat naar haar mand. Ik sta aan de tafel en pak een patatje, het is een dubbele en de rest werp ik op mijn bord voor straks. Dit mislukt en het komt op de grond neer. Blaine ziet het en gaat ernaartoe om het op te eten neem ik aan. Nee, ze zit met haar kont op het randje van de mand en kijkt naar het patatje maar raakt het niet aan. Ik pak het op en geef er \u00e9\u00e9n aan haar en \u00e9\u00e9n aan Maddy. Zo, ze is echt heel erg beledigd. Normaal zou dat patatje allang weg zijn.<\/p>\n","protected":false},"excerpt":{"rendered":"<p>Zaterdag examen zweetwerk voor gevorderden met Blaine<\/p>\n","protected":false},"author":1,"featured_media":13049,"comment_status":"closed","ping_status":"closed","sticky":false,"template":"","format":"standard","meta":[],"categories":[51],"tags":[],"_links":{"self":[{"href":"https:\/\/darcyenjune.nl\/index.php?rest_route=\/wp\/v2\/posts\/13039"}],"collection":[{"href":"https:\/\/darcyenjune.nl\/index.php?rest_route=\/wp\/v2\/posts"}],"about":[{"href":"https:\/\/darcyenjune.nl\/index.php?rest_route=\/wp\/v2\/types\/post"}],"author":[{"embeddable":true,"href":"https:\/\/darcyenjune.nl\/index.php?rest_route=\/wp\/v2\/users\/1"}],"replies":[{"embeddable":true,"href":"https:\/\/darcyenjune.nl\/index.php?rest_route=%2Fwp%2Fv2%2Fcomments&post=13039"}],"version-history":[{"count":13,"href":"https:\/\/darcyenjune.nl\/index.php?rest_route=\/wp\/v2\/posts\/13039\/revisions"}],"predecessor-version":[{"id":13117,"href":"https:\/\/darcyenjune.nl\/index.php?rest_route=\/wp\/v2\/posts\/13039\/revisions\/13117"}],"wp:featuredmedia":[{"embeddable":true,"href":"https:\/\/darcyenjune.nl\/index.php?rest_route=\/wp\/v2\/media\/13049"}],"wp:attachment":[{"href":"https:\/\/darcyenjune.nl\/index.php?rest_route=%2Fwp%2Fv2%2Fmedia&parent=13039"}],"wp:term":[{"taxonomy":"category","embeddable":true,"href":"https:\/\/darcyenjune.nl\/index.php?rest_route=%2Fwp%2Fv2%2Fcategories&post=13039"},{"taxonomy":"post_tag","embeddable":true,"href":"https:\/\/darcyenjune.nl\/index.php?rest_route=%2Fwp%2Fv2%2Ftags&post=13039"}],"curies":[{"name":"wp","href":"https:\/\/api.w.org\/{rel}","templated":true}]}}