{"id":12374,"date":"2020-04-22T22:09:57","date_gmt":"2020-04-22T20:09:57","guid":{"rendered":"https:\/\/darcyenjune.nl\/?p=12374"},"modified":"2020-04-26T21:08:33","modified_gmt":"2020-04-26T19:08:33","slug":"2020-week-17","status":"publish","type":"post","link":"https:\/\/darcyenjune.nl\/?p=12374","title":{"rendered":"2020 week 17"},"content":{"rendered":"\n<h2 class=\"wp-block-heading\">Dinsdag 21 april<\/h2>\n\n\n\n<p><strong>Coronacrisis<\/strong><\/p>\n\n\n\n<p>Helaas de regels rondom de intelligente lockdown is maar een heel klein beetje versoepeld. Ik heb te doen met alle ondernemers en ouderen die geen bezoek mogen hebben. Alleen kinderen van de lagere school mogen weer naar school onder strikte voorwaarden. Ook mogen de kleintjes weer naar de kinderopvang. Dit alles loopt tot 20 mei, maar er zijn tussentijdse aanpassingen mogelijk. <\/p>\n\n\n\n<figure class=\"wp-block-image size-large\"><img decoding=\"async\" loading=\"lazy\" width=\"500\" height=\"341\" src=\"https:\/\/darcyenjune.nl\/wp-content\/uploads\/2020\/04\/sized_IMGP1574-500x341.jpg\" alt=\"\" class=\"wp-image-12377\" srcset=\"https:\/\/darcyenjune.nl\/wp-content\/uploads\/2020\/04\/sized_IMGP1574-500x341.jpg 500w, https:\/\/darcyenjune.nl\/wp-content\/uploads\/2020\/04\/sized_IMGP1574-350x238.jpg 350w, https:\/\/darcyenjune.nl\/wp-content\/uploads\/2020\/04\/sized_IMGP1574-450x307.jpg 450w, https:\/\/darcyenjune.nl\/wp-content\/uploads\/2020\/04\/sized_IMGP1574.jpg 800w\" sizes=\"(max-width: 500px) 100vw, 500px\" \/><\/figure>\n\n\n\n<p><strong>Persoonlijk<\/strong><\/p>\n\n\n\n<p>Voor mij veranderd er niet zo veel. Ja ik moet nog langer thuiswerken en ik mis mijn collega&#8217;s. Ja de trainingen gaan nog niet door, geen zweet, wel priv\u00e9trainingen. En geen bezoek aan de kapper, dat wordt een thuiskleuring. En ik doe weer de boodschappen en dat is best pittig. Ik wil mijn moeder niet aan te veel risico&#8217;s blootstellen. Tuurlijk gaat ze wel zoveel mogelijk met de wandelingen mee. Wat wel een domper is dat mijn ziekenhuisafspraken uitgesteld zijn. En ik snak naar de consult bij de gynaecoloog en de orthopeed in Nijmegen. Het laatste gaat vooralsnog door. <\/p>\n\n\n\n<figure class=\"wp-block-image size-large is-resized is-style-rounded\"><img decoding=\"async\" loading=\"lazy\" src=\"https:\/\/darcyenjune.nl\/wp-content\/uploads\/2020\/04\/sized_20200412_103204-1-500x254.jpg\" alt=\"\" class=\"wp-image-12378\" width=\"453\" height=\"230\" srcset=\"https:\/\/darcyenjune.nl\/wp-content\/uploads\/2020\/04\/sized_20200412_103204-1-500x254.jpg 500w, https:\/\/darcyenjune.nl\/wp-content\/uploads\/2020\/04\/sized_20200412_103204-1-350x178.jpg 350w, https:\/\/darcyenjune.nl\/wp-content\/uploads\/2020\/04\/sized_20200412_103204-1-450x228.jpg 450w, https:\/\/darcyenjune.nl\/wp-content\/uploads\/2020\/04\/sized_20200412_103204-1.jpg 800w\" sizes=\"(max-width: 453px) 100vw, 453px\" \/><\/figure>\n\n\n\n<p><strong>En de honden?<\/strong><\/p>\n\n\n\n<p>Voor de honden veranderd er ook niet zoveel. We gaan naar natuurgebieden die niet zo druk zijn. Alleen de wedstrijden, dat is een ander verhaal. Ik denk dat die allemaal afgelast worden, in ieder geval tot 1 september.<\/p>\n\n\n\n<p><strong>Trainingen<\/strong><\/p>\n\n\n\n<p>Zweetwerktrainingen zijn afgelast tot 1 juni, ook voor dit geldt na 20 mei weten we meer. Staatbosbeheer heeft alle trainingen verboden. De jachttrainingen zijn ook afgelast tot 1 juni. Maar ik heb nu wel 2 priv\u00e9trainingen gehad. En volgende week dinsdag doe ik duo-trainingen met Careen en Chunjee. We mogen met 3 man trainen.<\/p>\n\n\n\n<figure class=\"wp-block-video\"><video controls src=\"https:\/\/darcyenjune.nl\/wp-content\/uploads\/2020\/04\/20200420_112004_1.mp4\"><\/video><figcaption>Bollenstreek<\/figcaption><\/figure>\n\n\n\n<h2 class=\"wp-block-heading\">Vrijdag 24 april<\/h2>\n\n\n\n<p><strong>Afgelast<\/strong><\/p>\n\n\n\n<p>Ik had er al een zwaar hoofd in en ja het blijkt te kloppen. Alle wijdstrijden georganiseerd door Orweja gaan niet door dit jaar. Eerder werden de wedstrijden en trainingen in het voorjaar al afgezegd en nu dus voor het hele jaar. Waarom zouden we nu nog trainen?<\/p>\n\n\n\n<p><strong>Hij wel<\/strong><\/p>\n\n\n\n<div class=\"wp-block-image\"><figure class=\"alignright size-large\"><img decoding=\"async\" loading=\"lazy\" width=\"268\" height=\"350\" src=\"https:\/\/darcyenjune.nl\/wp-content\/uploads\/2020\/04\/sized_IMG-20200424-WA0000-268x350.jpg\" alt=\"\" class=\"wp-image-12385\" srcset=\"https:\/\/darcyenjune.nl\/wp-content\/uploads\/2020\/04\/sized_IMG-20200424-WA0000-268x350.jpg 268w, https:\/\/darcyenjune.nl\/wp-content\/uploads\/2020\/04\/sized_IMG-20200424-WA0000-195x255.jpg 195w, https:\/\/darcyenjune.nl\/wp-content\/uploads\/2020\/04\/sized_IMG-20200424-WA0000-450x588.jpg 450w, https:\/\/darcyenjune.nl\/wp-content\/uploads\/2020\/04\/sized_IMG-20200424-WA0000.jpg 612w\" sizes=\"(max-width: 268px) 100vw, 268px\" \/><figcaption>Puk tijdens jacht<\/figcaption><\/figure><\/div>\n\n\n\n<p>Puk heeft het beter voor elkaar. Jagen met zijn baas Sandra in het Zeeuwse land.<\/p>\n\n\n\n<h2 class=\"wp-block-heading\">Zaterdag 25 april<\/h2>\n\n\n\n<p><strong>Bavo<\/strong><\/p>\n\n\n\n<p>De honden hebben het tegenwoordig prima naar hun zin op de Bavo. Vanmorgen was het haas en een record! Blaine krijgt het voor elkaar om binnen 24 uur haar nieuwste speeltje kwijt te raken. Dus zijn we genoodzaakt om weer naar de Bavo te gaan \u2019s middags. Voor de honden geen straf, want ze hebben het weer druk met haas. En Ella vindt het speeltje, yeahhhh.<\/p>\n\n\n\n<p><strong>Wild<\/strong><\/p>\n\n\n\n<p>Ik neem een eend mee voor een apport uit het water. Het gaat goed, ze is zachtjes. Helaas laat ze de eend weer \u00e9\u00e9n keer vallen. We doen ook nog een verloren zoek en weer laat ze de eend \u00e9\u00e9n keer vallen. Verder brengt ze het uitstekend. Ze is rustig en zachtjes.<\/p>\n","protected":false},"excerpt":{"rendered":"<p>Na 20 mei weten we meer, mag er dan weer getraind worden?<\/p>\n","protected":false},"author":1,"featured_media":12376,"comment_status":"closed","ping_status":"closed","sticky":false,"template":"","format":"standard","meta":[],"categories":[102],"tags":[],"_links":{"self":[{"href":"https:\/\/darcyenjune.nl\/index.php?rest_route=\/wp\/v2\/posts\/12374"}],"collection":[{"href":"https:\/\/darcyenjune.nl\/index.php?rest_route=\/wp\/v2\/posts"}],"about":[{"href":"https:\/\/darcyenjune.nl\/index.php?rest_route=\/wp\/v2\/types\/post"}],"author":[{"embeddable":true,"href":"https:\/\/darcyenjune.nl\/index.php?rest_route=\/wp\/v2\/users\/1"}],"replies":[{"embeddable":true,"href":"https:\/\/darcyenjune.nl\/index.php?rest_route=%2Fwp%2Fv2%2Fcomments&post=12374"}],"version-history":[{"count":6,"href":"https:\/\/darcyenjune.nl\/index.php?rest_route=\/wp\/v2\/posts\/12374\/revisions"}],"predecessor-version":[{"id":12387,"href":"https:\/\/darcyenjune.nl\/index.php?rest_route=\/wp\/v2\/posts\/12374\/revisions\/12387"}],"wp:featuredmedia":[{"embeddable":true,"href":"https:\/\/darcyenjune.nl\/index.php?rest_route=\/wp\/v2\/media\/12376"}],"wp:attachment":[{"href":"https:\/\/darcyenjune.nl\/index.php?rest_route=%2Fwp%2Fv2%2Fmedia&parent=12374"}],"wp:term":[{"taxonomy":"category","embeddable":true,"href":"https:\/\/darcyenjune.nl\/index.php?rest_route=%2Fwp%2Fv2%2Fcategories&post=12374"},{"taxonomy":"post_tag","embeddable":true,"href":"https:\/\/darcyenjune.nl\/index.php?rest_route=%2Fwp%2Fv2%2Ftags&post=12374"}],"curies":[{"name":"wp","href":"https:\/\/api.w.org\/{rel}","templated":true}]}}