{"id":10853,"date":"2019-03-11T21:50:39","date_gmt":"2019-03-11T20:50:39","guid":{"rendered":"https:\/\/darcyenjune.nl\/?p=10853"},"modified":"2019-03-21T21:33:07","modified_gmt":"2019-03-21T20:33:07","slug":"2019-week-11","status":"publish","type":"post","link":"https:\/\/darcyenjune.nl\/?p=10853","title":{"rendered":"2019 week 11"},"content":{"rendered":"\n<h2 class=\"wp-block-heading\">Zondag 10 maart<\/h2>\n\n\n\n<h4 class=\"wp-block-heading\"><strong>Blaine mag los<\/strong><\/h4>\n\n\n\n<p>Omdat Blaine gisteren niet te houden was, besluiten mijn\nmoeder en ik om haar een stukje los te laten. Hoe gaan we dit doen? We kunnen\nhaar natuurlijk niet op straat loslaten. En kan ze al de auto in? De laatste\npaar keer schreeuwde ze van de pijn met instappen. We gaan het proberen. Ik ga\nmet Blaine naar de Bavo met de auto en Ella loopt een rondje met Maddy. Eerst\nwilde ik eerst met Blaine lopen en daarna met Maddy, maar dat wordt te gek. Oh\nhet weer is werkelijk vreselijk, regen, regen en regen. <\/p>\n\n\n\n<div class=\"wp-block-image\"><figure class=\"alignright\"><img decoding=\"async\" loading=\"lazy\" width=\"532\" height=\"361\" src=\"https:\/\/darcyenjune.nl\/wp-content\/uploads\/2019\/03\/sized_IMGP0404-532x361.jpg\" alt=\"\" class=\"wp-image-10855\" srcset=\"https:\/\/darcyenjune.nl\/wp-content\/uploads\/2019\/03\/sized_IMGP0404-532x361.jpg 532w, https:\/\/darcyenjune.nl\/wp-content\/uploads\/2019\/03\/sized_IMGP0404-375x255.jpg 375w, https:\/\/darcyenjune.nl\/wp-content\/uploads\/2019\/03\/sized_IMGP0404-880x597.jpg 880w, https:\/\/darcyenjune.nl\/wp-content\/uploads\/2019\/03\/sized_IMGP0404-450x306.jpg 450w, https:\/\/darcyenjune.nl\/wp-content\/uploads\/2019\/03\/sized_IMGP0404.jpg 900w\" sizes=\"(max-width: 532px) 100vw, 532px\" \/><\/figure><\/div>\n\n\n\n<h4 class=\"wp-block-heading\"><strong>Wat een blijdschap<\/strong><\/h4>\n\n\n\n<p>Blaine is door het dolle, ze mag los! Nu moet ik haar tot\nkalmte manen en krijg dat maar eens voor elkaar bij een jonge 3 jarige\nWeimaraner. Ze rent, maakt gekke bokkesprongen, als dat maar goed gaat. Toen ze\nnet de auto insprong hoorde ik een klein piepje, voor de rest heb ik haar niet\nmeer gehoord. We lopen zo\u2019n 20 minuten los en aangelijnd. Ze kan in ieder geval\nhaar energie kwijt. <\/p>\n\n\n\n<h4 class=\"wp-block-heading\"><strong>En?<\/strong><\/h4>\n\n\n\n<p>De rest van de dag gaat het goed, ze staat goed op en geeft\ngeen pijn meer aan. Heerlijk. \u2019s Middags loopt mijn moeder een groot rondje met\nhaar aan de lijn, eerst maar eens kijken hoe alles uitpakt. Ik ga met Maddy\nnaar de duinen. Het regent nog steeds, maar halverwege onze wandeling is het\ndroog en zien we zelfs een regenboog. Het stormt wekelijk, met rukwinden. Op de\ntoppen van de duinen moet ik me af en toe goed staande houden. Maddy geniet\nhier van, ze vliegt over de duinen. <\/p>\n\n\n\n<div class=\"wp-block-image\"><figure class=\"alignleft\"><img decoding=\"async\" loading=\"lazy\" width=\"532\" height=\"387\" src=\"https:\/\/darcyenjune.nl\/wp-content\/uploads\/2019\/03\/sized_IMGP0367-532x387.jpg\" alt=\"\" class=\"wp-image-10856\" srcset=\"https:\/\/darcyenjune.nl\/wp-content\/uploads\/2019\/03\/sized_IMGP0367-532x387.jpg 532w, https:\/\/darcyenjune.nl\/wp-content\/uploads\/2019\/03\/sized_IMGP0367-375x273.jpg 375w, https:\/\/darcyenjune.nl\/wp-content\/uploads\/2019\/03\/sized_IMGP0367-880x640.jpg 880w, https:\/\/darcyenjune.nl\/wp-content\/uploads\/2019\/03\/sized_IMGP0367-450x328.jpg 450w, https:\/\/darcyenjune.nl\/wp-content\/uploads\/2019\/03\/sized_IMGP0367.jpg 900w\" sizes=\"(max-width: 532px) 100vw, 532px\" \/><\/figure><\/div>\n\n\n\n<h4 class=\"wp-block-heading\"><strong>\u2019s Avonds<\/strong><\/h4>\n\n\n\n<p>Ook nu merken we niets aan Blaine. Alleen een heel klein piepje wanneer  ze onder mijn benen doorloopt. <\/p>\n\n\n\n<h2 class=\"wp-block-heading\">Maandag 11 maart<\/h2>\n\n\n\n<h4 class=\"wp-block-heading\"><strong>Zelfde recept<\/strong><\/h4>\n\n\n\n<p>Ik ga weer met Blaine naar de Bavo en Ella een rondje met\nMaddy. Het is gelukkig droog met een stevige wind. Voor het eerst piept Blaine\nniet wanneer ze in de auto springt. We kijken elkaar helemaal blij en opgelucht\naan. In de Bavo heeft ze het weer enorm naar haar zin, rent en lijkt nergens\nlast van te hebben. Gisteren zag ik in het begin iets van stijfheid, dat zie ik\nvanmorgen niet. <\/p>\n\n\n\n<h4 class=\"wp-block-heading\"><strong>Idem<\/strong><\/h4>\n\n\n\n<p>Ook \u2019s middags doen we hetzelfde als gisteren. Tot nu toe\ngaat het goed met Blaine.<\/p>\n\n\n\n<h4 class=\"wp-block-heading\"><strong>Vosje<\/strong><\/h4>\n\n\n\n<p>Ik had zaterdag een klein vosje uit de vriezer gehaald ten grootte van een flink konijn. Het is nu goed ontdooid en voor de middagwandeling doen we wat apporteer oefeningen. Zo is ze al een deel van haar energie kwijt is mijn gedachte. Blaine snuffelt eraan en ik moet een paar keer \u201capport\u201d zeggen en dan pakt ze het. Ze legt het halverwege neer, pakt het weer en brengt het naar me toe en ik kan het mooi aanpakken. We doen het nog een keer en nu pakt ze het snel op en brengt het. Ze geeft het nog zittend af ook. Met Maddy moet ik flink aandringen en dan pakt en brengt ook zij het vosje.<\/p>\n\n\n\n<figure class=\"wp-block-image\"><img decoding=\"async\" loading=\"lazy\" width=\"532\" height=\"269\" src=\"https:\/\/darcyenjune.nl\/wp-content\/uploads\/2019\/03\/sized_20190302_113010-532x269.jpg\" alt=\"\" class=\"wp-image-10862\" srcset=\"https:\/\/darcyenjune.nl\/wp-content\/uploads\/2019\/03\/sized_20190302_113010-532x269.jpg 532w, https:\/\/darcyenjune.nl\/wp-content\/uploads\/2019\/03\/sized_20190302_113010-375x189.jpg 375w, https:\/\/darcyenjune.nl\/wp-content\/uploads\/2019\/03\/sized_20190302_113010-450x227.jpg 450w, https:\/\/darcyenjune.nl\/wp-content\/uploads\/2019\/03\/sized_20190302_113010.jpg 800w\" sizes=\"(max-width: 532px) 100vw, 532px\" \/><\/figure>\n\n\n\n<h2 class=\"wp-block-heading\">Dinsdag 12 maart<\/h2>\n\n\n\n<h4 class=\"wp-block-heading\">Blaine<\/h4>\n\n\n\n<p>Ik loop met haar twee keer op de Bavo en beide keren loopt\nze ook een stuk los, ze zet af, ze rent, ze remt, springt in de auto en rent\ngekke rondjes. Tot nu toe gaat het allemaal goed. Ik besluit daarom om morgen\nte gaan trainen. Het is de eerste training van het nieuwe zomerseizoen.<\/p>\n\n\n\n<h4 class=\"wp-block-heading\"><strong>Maddy<\/strong><\/h4>\n\n\n\n<p>Met Maddy loop ik \u2019s middags apart in de duinen, nog een\npaar dagen en dan gaat het broedseizoen weer in. Helaas begint het te regenen\nen het houdt niet meer op.<\/p>\n\n\n\n<h2 class=\"wp-block-heading\">Woensdag 13 maart<\/h2>\n\n\n\n<div class=\"wp-block-image\"><figure class=\"alignleft\"><img decoding=\"async\" loading=\"lazy\" width=\"331\" height=\"411\" src=\"https:\/\/darcyenjune.nl\/wp-content\/uploads\/2019\/03\/sized_IMGP0529-331x411.jpg\" alt=\"\" class=\"wp-image-10863\" srcset=\"https:\/\/darcyenjune.nl\/wp-content\/uploads\/2019\/03\/sized_IMGP0529-331x411.jpg 331w, https:\/\/darcyenjune.nl\/wp-content\/uploads\/2019\/03\/sized_IMGP0529-302x375.jpg 302w, https:\/\/darcyenjune.nl\/wp-content\/uploads\/2019\/03\/sized_IMGP0529-450x559.jpg 450w, https:\/\/darcyenjune.nl\/wp-content\/uploads\/2019\/03\/sized_IMGP0529.jpg 724w\" sizes=\"(max-width: 331px) 100vw, 331px\" \/><\/figure><\/div>\n\n\n\n<h4 class=\"wp-block-heading\"><strong>Nieuw seizoen jachttraining<\/strong><\/h4>\n\n\n\n<p>Spannend want ik neem Blaine toch mee naar de jachttraining. Lees meer. Oh en het was rot weer, gelukkig werd de locatie veranderd van Eiland 2 Vinkeveen in Het Ruige-Hof in Amsterdam. Hoe gaat de 1e jachttraining van het nieuwe seizoen?<\/p>\n\n\n\n<div class=\"wp-block-button\"><a class=\"wp-block-button__link has-text-color has-cyan-bluish-gray-color\" href=\"https:\/\/darcyenjune.nl\/?page_id=10873\"><\/a><\/div>\n\n\n\n<h4 class=\"wp-block-heading\"><strong>File<\/strong><\/h4>\n\n\n\n<p>We trainen in Amsterdam, eigenlijk meer bij Abcoude. We rijden rond 16.50 uur weg, geen ideale tijd en we komen zeker in de file terecht. Ik word naar de A10 gestuurd, balen want ik wil gewoon naar de A9. Maar ja vind hier maar eens de weg, het is totaal nieuw voor mij. We rijden op de A10 en ik neem de verkeerde afslag! Ik had nog even door moeten rijden. De ellende begint. Waar moet ik naar toe, wat nu? Vertrouwen op de navi dan maar. Door google word ik omgeleid, bij oprit Duivendrecht staat een enorme file voor de A10. Daar heb ik geen zin in. <\/p>\n\n\n\n<h4 class=\"wp-block-heading\"><strong>Weer mis ik een afslag<\/strong><\/h4>\n\n\n\n<p>Ik probeer te keren en haal levensgevaarlijke capriolen uit. Maar als ik om me heen kijk in deze verkeerschaos ben ik niet de enige. Wat een ellende hier, wat een drukte en waar ben ik in beland. Ik zie dat ik nu bij de RAI ben, hier is het nog drukker. Met dat omrijden ben ik veel opgeschoten. Nu de A10 weer op zien te komen. Stoplichten springen op groen, maar doorrijden is er niet bij. Stoplichten op rood, de auto\u2019s staan op de kruispunten en andere auto\u2019s kunnen er niet bij. Auto\u2019s dringen voor, ik houd de gaten zo klein mogelijk en tuurlijk rits ik ook. Helaas zijn er altijd verkeershufters bij. Ik denk dat het een half uur duurt eer we op de snelweg zijn. Wat een fucking ellende, moeten mensen dit dagelijks meemaken! <\/p>\n\n\n\n<h4 class=\"wp-block-heading\"><strong>Blaine<\/strong><\/h4>\n\n\n\n<p>Gelukkig heeft ze geen nare gevolgen overgehouden van de\ntraining. Ik was hier toch bang voor. Alles is ok\u00e9, ze staat soepel op, liggen\ngaat goed, op de bank stappen. Een hele opluchting! Wel is ze kapot en we\nhebben haar niet meer gehoord, ze slaapt de hele avond.<\/p>\n\n\n\n<h2 class=\"wp-block-heading\">Donderdag 14 maart<\/h2>\n\n\n\n<div class=\"wp-block-image\"><figure class=\"alignright\"><img decoding=\"async\" loading=\"lazy\" width=\"279\" height=\"411\" src=\"https:\/\/darcyenjune.nl\/wp-content\/uploads\/2019\/03\/sized_IMGP0608-279x411.jpg\" alt=\"\" class=\"wp-image-10864\" srcset=\"https:\/\/darcyenjune.nl\/wp-content\/uploads\/2019\/03\/sized_IMGP0608-279x411.jpg 279w, https:\/\/darcyenjune.nl\/wp-content\/uploads\/2019\/03\/sized_IMGP0608-255x375.jpg 255w, https:\/\/darcyenjune.nl\/wp-content\/uploads\/2019\/03\/sized_IMGP0608-450x663.jpg 450w, https:\/\/darcyenjune.nl\/wp-content\/uploads\/2019\/03\/sized_IMGP0608.jpg 611w\" sizes=\"(max-width: 279px) 100vw, 279px\" \/><\/figure><\/div>\n\n\n\n<h4 class=\"wp-block-heading\"><strong>Allebei<\/strong><\/h4>\n\n\n\n<p>Wat doen we? Nog steeds is alles ok\u00e9 met Blaine, ze is echt\nweer goed denk ik. Beide honden gaan mee, voor het eerst sinds twee weken en we\ngaan naar Zwaanshoek. Blaine heeft het geweldig naar haar zin. Overal kijken en\nrennen, ze staat nog prachtig voor ook op een fazanten hen. Maddy heeft weer\neen beetje last van haar buik, afgelopen weekeinde ook al. Gelukkig neemt ze\nwel weer koekjes en het eten gaat er ook weer in. <\/p>\n\n\n\n<h4 class=\"wp-block-heading\"><strong>Middagwandeling<\/strong><\/h4>\n\n\n\n<p>Ik durf de beide honden niet weer mee te nemen voor een\nlange wandeling en zeker nog geen duinen voor Blaine. Met Blaine ga ik naar de\nBavo en met Maddy naar de duinen. Voor de laatste keer, morgen begint het\nbroedseizoen en zijn de duinen verboden terrein voor loslopende honden tot 15\naugustus. Gelukkig kunnen we wel naar de trimbaan, het laatste stukje duin\ntegen Noordwijk aan. <\/p>\n\n\n\n<h4 class=\"wp-block-heading\"><strong>Speeltje<\/strong><\/h4>\n\n\n\n<p>Blaine\u2019s pvc stok ligt half in de moddersloot. Ze pakt het en nu is Blaine een halve modderhond. Getsie. Naar de andere sloot dan maar, hier kan ze haar poten wassen. Ik gooi de stok een heel klein stukje het water in. Het zinkt, huh! Het zinkt nog meer en te laat kom ik erachter dat dit geen drijvende stok is. Oh nee. Ik probeer met stokken het ding weer te pakken, zonder resultaat. Het water wordt steeds zwarten en ik zie het niet meer liggen. Na een kwartier geef ik het op, morgenochtend maar proberen.<\/p>\n\n\n\n<h2 class=\"wp-block-heading\">Vrijdag 15 maart<\/h2>\n\n\n\n<div class=\"wp-block-image\"><figure class=\"alignleft\"><img decoding=\"async\" loading=\"lazy\" width=\"532\" height=\"361\" src=\"https:\/\/darcyenjune.nl\/wp-content\/uploads\/2019\/03\/sized_IMGP0594-532x361.jpg\" alt=\"\" class=\"wp-image-10865\" srcset=\"https:\/\/darcyenjune.nl\/wp-content\/uploads\/2019\/03\/sized_IMGP0594-532x361.jpg 532w, https:\/\/darcyenjune.nl\/wp-content\/uploads\/2019\/03\/sized_IMGP0594-375x255.jpg 375w, https:\/\/darcyenjune.nl\/wp-content\/uploads\/2019\/03\/sized_IMGP0594-880x597.jpg 880w, https:\/\/darcyenjune.nl\/wp-content\/uploads\/2019\/03\/sized_IMGP0594-450x306.jpg 450w, https:\/\/darcyenjune.nl\/wp-content\/uploads\/2019\/03\/sized_IMGP0594.jpg 900w\" sizes=\"(max-width: 532px) 100vw, 532px\" \/><\/figure><\/div>\n\n\n\n<h4 class=\"wp-block-heading\"><strong>Slootje dreggen<\/strong><\/h4>\n\n\n\n<p>Vanmorgen om 7.15 uur loop ik gewapend met een oude ijzeren\nbuis van een stofzuiger over het Bavoterrein. Ik heb Blaine en Maddy bij me,\nvanaf vandaag neem ik ze weer allebei mee, ook naar de Bavo en de trimbaan. We\nlopen naar de sloot waar gisteren het speeltje van Blaine naar de bodem van de\nsloot zonk. Ik heb mijn laarzen aan en kan een stukje verder in de sloot staan,\nals het goed is heb ik de plek aardig onthouden. Met de stofzuigerbuis zoek ik\nde bodem af en haal voornamelijk stokken naar boven. Totdat ik op iets hard\nstuit. Het water is al snel weer zwart, dus zien kan ik niets. Het lukt me niet\nmeteen om dat harde object te pakken te krijgen. Na een aantal pogingen lukt\nhet, zal het? Ja ik haal het speeltje omhoog. Blaine hielp ook mee, Maddy vond\nhet wel best. \u201cKijk eens Blaine\u201d, ze kijkt verbaast naar het object. \u201cPak het\nmaar\u201d, ze pakt het en nu pas merkt ze dat het haar speeltje is. Ze is helemaal\nblij en heeft het de rest van de wandeling niet meer los gelaten. Zo dit\nscheelt weer \u20ac 15,- .<\/p>\n\n\n\n<h4 class=\"wp-block-heading\"><strong>Trimbaan<\/strong><\/h4>\n\n\n\n<p>Het broedseizoen is weer begonnen en de honden krijgen de\nlange lijn aan. We lopen op het wandelpad en ik zie meteen al twee Yorkshire\nterri\u00ebrs loslopen. Nee h\u00e8. E\u00e9n zo\u2019n hondje rent nog op ons af ook. \u2018Krijg het\nmaar\u2019, denk ik en laat de honden los. Nu is het stoere, kleine hondje niet meer\nzo stoer. De honden stormen op hem af, maar het gaat goed hoor, ze doen het\nbeestje niets. Wel ben ik al behoorlijk ge\u00efrriteerd. <\/p>\n\n\n\n<div class=\"wp-block-image\"><figure class=\"alignright\"><img decoding=\"async\" loading=\"lazy\" width=\"279\" height=\"411\" src=\"https:\/\/darcyenjune.nl\/wp-content\/uploads\/2019\/03\/sized_IMGP0589-279x411.jpg\" alt=\"\" class=\"wp-image-10866\" srcset=\"https:\/\/darcyenjune.nl\/wp-content\/uploads\/2019\/03\/sized_IMGP0589-279x411.jpg 279w, https:\/\/darcyenjune.nl\/wp-content\/uploads\/2019\/03\/sized_IMGP0589-255x375.jpg 255w, https:\/\/darcyenjune.nl\/wp-content\/uploads\/2019\/03\/sized_IMGP0589-450x663.jpg 450w, https:\/\/darcyenjune.nl\/wp-content\/uploads\/2019\/03\/sized_IMGP0589.jpg 611w\" sizes=\"(max-width: 279px) 100vw, 279px\" \/><\/figure><\/div>\n\n\n\n<h4 class=\"wp-block-heading\"><strong>Goedmakertje<\/strong><\/h4>\n\n\n\n<p>Ik doe ook nog iets aardigs. De M\u00fcnsterlander komt weer naar\nons toe, ik hoorde al een baasje heel hard schreeuwen. Nee h\u00e8. Dit gaat \u2018em\nweer niet worden. Ik lok hem mee door naar zijn baas te lopen. Blaine en Maddy\nvolgen mij en dus ook de reu. Het baasje kan hem aanlijnen en iedereen is blij.<\/p>\n\n\n\n<h4 class=\"wp-block-heading\"><strong>Blaine<\/strong><\/h4>\n\n\n\n<p>Ze heeft het enorm naar haar zin op de trimbaan, dik twee weken is ze hier niet geweest.<\/p>\n\n\n\n<h2 class=\"wp-block-heading\">Zaterdag 16 maart<\/h2>\n\n\n\n<h4 class=\"wp-block-heading\"><strong>Modder, heel veel modder<\/strong><\/h4>\n\n\n\n<p>Wind, heel veel wind en regen, het gaat maar door. We gaan\nnaar Venneperhout aan de IJweg. Eerst gaan we naar het grasveld voor wat\noefeningen en die gaan verbazend goed. Het zijn voornamelijk lijnoefeningen. Overal\nis het vies en modderig. De honden maken het niet uit, ze hebben het geweldig\nnaar hun zin en veranderen zelf in modderfiguren.<\/p>\n\n\n\n<h4 class=\"wp-block-heading\">Verbaal geweld<\/h4>\n\n\n\n<p>Ik word er zo moe van, dat mensen zomaar van alles en nog wat naar je toe slingeren. Volgens mij is het puur om hun eigen onzekerheid te maskeren. Afijn, we lopen in de Bavo, ik ben op een ander veld met Blaine bezig. Ze heeft een stokje in haar bek en moet haar speeltje meenemen. Maddy blijkt al op het pad te zijn, wanneer ik ook die kant op ga. Ik zie dat Maddy voor een hond staat met zijn baas. \u201cWilt u uw hond aanlijnen\u201d. Ik word daar altijd een beetje kriegelig van en zie dat zijn hond aan de riem zit. \u201cWaarom?\u201d \u201cMijn hond is loops\u201d, zegt het baasje. \u201cOh dat is een teef\u201d. Dit blijkt dus niet de reden te zijn waarom de hond aan de riem is. \u201cMaddy hier\u201d. Maddy komt niet, ik roep haar nogmaals en ze reageert niet. Ik loop er naar toe en wil haar halen. Ondertussen komt Blaine aangerend als haar blije zelf. Nu ziet die hond twee van die grijze monsters en dat is teveel, ze raakt totaal in paniek. Trekt aan de riem, wil weg. <\/p>\n\n\n\n<div class=\"wp-block-image\"><figure class=\"alignleft\"><img decoding=\"async\" loading=\"lazy\" width=\"532\" height=\"361\" src=\"https:\/\/darcyenjune.nl\/wp-content\/uploads\/2019\/03\/sized_IMGP0642-532x361.jpg\" alt=\"\" class=\"wp-image-10867\" srcset=\"https:\/\/darcyenjune.nl\/wp-content\/uploads\/2019\/03\/sized_IMGP0642-532x361.jpg 532w, https:\/\/darcyenjune.nl\/wp-content\/uploads\/2019\/03\/sized_IMGP0642-375x255.jpg 375w, https:\/\/darcyenjune.nl\/wp-content\/uploads\/2019\/03\/sized_IMGP0642-880x597.jpg 880w, https:\/\/darcyenjune.nl\/wp-content\/uploads\/2019\/03\/sized_IMGP0642-450x306.jpg 450w, https:\/\/darcyenjune.nl\/wp-content\/uploads\/2019\/03\/sized_IMGP0642.jpg 900w\" sizes=\"(max-width: 532px) 100vw, 532px\" \/><\/figure><\/div>\n\n\n\n<p>Laat die hond dan los, denk ik. Ze glipt uit haar halsband en rent weg, Blaine vindt het een leuk spelletje en rent er achteraan. Maddy doet niet eens de moeite en blijft staan. Ik krijg een enorme scheldkanon over me heen en krijg van alles naar me toe geslingerd. Ik heb de honden niet onder controle, ze moeten aan de lijn, ga maar door. Nu luisterden ze niet en dat is niet goed. Welke hond luistert wel altijd vraag ik me af. Blaine wordt vaak niet begrepen, ze is onstuimig, wild, blij en groot. Er zit geen kwaad stukje in haar! Die eigenaar zou eens moeten proberen om zijn hond meer zelfvertrouwen te geven, leren dat hij niet voor alles bang hoeft te zijn. Ik vind dat altijd zo zielig. <\/p>\n\n\n\n<h4 class=\"wp-block-heading\">De wandeling is verknald<\/h4>\n\n\n\n<p>Ik ga terug en loop in het moddergebied aan de andere kant\nvan de sloot wat aan de bollenvelden grenst. Ik kom hier nooit meer, pa liep\nhier altijd. De honden hebben iets op het spoor, ze rennen aan de rand van het\nbos. Blaine rent de bollenvelden op, Maddy zie ik niet. Ik fluit en gelukkig is\nMaddy weer in het bos, nu Blaine nog. Helemaal hyper is ze. Ik loop verder en\nbij het sluisje hoor ik kabaal en veel geritsel. Krijg nou wat, 2 herten! Nu\nvalt het kwartje, geen hazen maar herten. De herten rennen richting de\nbollenvelden. Ik fluit weer en de honden komen mijn kant op. Maddy is braaf en\nlijn ik aan, Blaine komt even later ook en lijn ik ook aan. Dit is puur uit voorzorg,\nik wil geen honden die achter herten aanjagen. Dit was weer een heerlijke\nwandeling\u2026<\/p>\n","protected":false},"excerpt":{"rendered":"<p>Hierboven een foto van Brice van &#8217;t Harde Pad. Roepnaam Blue en hij woont in Belgi\u00eb.<\/p>\n","protected":false},"author":1,"featured_media":10830,"comment_status":"closed","ping_status":"closed","sticky":false,"template":"","format":"standard","meta":[],"categories":[87],"tags":[],"_links":{"self":[{"href":"https:\/\/darcyenjune.nl\/index.php?rest_route=\/wp\/v2\/posts\/10853"}],"collection":[{"href":"https:\/\/darcyenjune.nl\/index.php?rest_route=\/wp\/v2\/posts"}],"about":[{"href":"https:\/\/darcyenjune.nl\/index.php?rest_route=\/wp\/v2\/types\/post"}],"author":[{"embeddable":true,"href":"https:\/\/darcyenjune.nl\/index.php?rest_route=\/wp\/v2\/users\/1"}],"replies":[{"embeddable":true,"href":"https:\/\/darcyenjune.nl\/index.php?rest_route=%2Fwp%2Fv2%2Fcomments&post=10853"}],"version-history":[{"count":8,"href":"https:\/\/darcyenjune.nl\/index.php?rest_route=\/wp\/v2\/posts\/10853\/revisions"}],"predecessor-version":[{"id":10898,"href":"https:\/\/darcyenjune.nl\/index.php?rest_route=\/wp\/v2\/posts\/10853\/revisions\/10898"}],"wp:featuredmedia":[{"embeddable":true,"href":"https:\/\/darcyenjune.nl\/index.php?rest_route=\/wp\/v2\/media\/10830"}],"wp:attachment":[{"href":"https:\/\/darcyenjune.nl\/index.php?rest_route=%2Fwp%2Fv2%2Fmedia&parent=10853"}],"wp:term":[{"taxonomy":"category","embeddable":true,"href":"https:\/\/darcyenjune.nl\/index.php?rest_route=%2Fwp%2Fv2%2Fcategories&post=10853"},{"taxonomy":"post_tag","embeddable":true,"href":"https:\/\/darcyenjune.nl\/index.php?rest_route=%2Fwp%2Fv2%2Ftags&post=10853"}],"curies":[{"name":"wp","href":"https:\/\/api.w.org\/{rel}","templated":true}]}}