{"id":10331,"date":"2019-02-25T13:56:14","date_gmt":"2019-02-25T12:56:14","guid":{"rendered":"https:\/\/darcyenjune.nl\/?p=10331"},"modified":"2019-12-19T22:07:33","modified_gmt":"2019-12-19T21:07:33","slug":"2019-week-9","status":"publish","type":"post","link":"https:\/\/darcyenjune.nl\/?p=10331","title":{"rendered":"2019 Week 9"},"content":{"rendered":"\n<h2 class=\"wp-block-heading\">Zondag 24 februari<\/h2>\n\n\n\n<h3 class=\"wp-block-heading\"><strong>Cadeautje<\/strong><\/h3>\n\n\n\n<p>Wat een prachtig weer, het heeft wel weer flink gevroren en \u2019s\nmorgens is het echt nog koud. Tegen 11.00 uur voel je het warmer worden. <\/p>\n\n\n\n<h3 class=\"wp-block-heading\"><strong>Wormenkuur<\/strong><\/h3>\n\n\n\n<p>Afgelopen vrijdag (22-2-19) hebben de honden beide een\nwormenkuur gehad. Ieder 2 tabletten Millbemax voor grote hond.<\/p>\n\n\n\n<div class=\"wp-block-image\"><figure class=\"alignleft\"><img decoding=\"async\" loading=\"lazy\" width=\"532\" height=\"269\" src=\"https:\/\/darcyenjune.nl\/wp-content\/uploads\/2019\/02\/sized_20190218_104531-532x269.jpg\" alt=\"\" class=\"wp-image-10358\" srcset=\"https:\/\/darcyenjune.nl\/wp-content\/uploads\/2019\/02\/sized_20190218_104531-532x269.jpg 532w, https:\/\/darcyenjune.nl\/wp-content\/uploads\/2019\/02\/sized_20190218_104531-375x190.jpg 375w, https:\/\/darcyenjune.nl\/wp-content\/uploads\/2019\/02\/sized_20190218_104531-880x445.jpg 880w, https:\/\/darcyenjune.nl\/wp-content\/uploads\/2019\/02\/sized_20190218_104531-450x228.jpg 450w, https:\/\/darcyenjune.nl\/wp-content\/uploads\/2019\/02\/sized_20190218_104531.jpg 900w\" sizes=\"(max-width: 532px) 100vw, 532px\" \/><\/figure><\/div>\n\n\n\n<h3 class=\"wp-block-heading\"><strong>Oefenen<\/strong><\/h3>\n\n\n\n<p>Ella is er weer bij en ze mag haar gooikunsten weer laten\nzien. Nou die zijn nog niet verbeterd. E\u00e9n doe ik zelf, \u00e9\u00e9n gaat goed en de\nlaatste is waardeloos. \u2018Verloren zoek\u2019 gaat heel goed. <\/p>\n\n\n\n<h2 class=\"wp-block-heading\">Maandag 25 februari<\/h2>\n\n\n\n<h3 class=\"wp-block-heading\"><strong>Maag en darmen<\/strong><\/h3>\n\n\n\n<p>Gisteren borrelde Maddy\u2019s buik en nu Blaine\u2019s buik. Maddy is\ner altijd snel overheen en heeft dan weer eetlust, bij Blaine duurt het langer.\nNawee\u00ebn van de wormkuur?<\/p>\n\n\n\n<h3 class=\"wp-block-heading\"><strong>Oefenen<\/strong><\/h3>\n\n\n\n<p>Lijnen gaan goed, korte lijnen, maar ik sta veel verder weg. En ik heb de oefening een beetje nagedaan van de jachttraining en nu gaat het heel goed. Zie jachttraining woensdag 20 februari.<\/p>\n\n\n\n<div class=\"wp-block-button\"><a class=\"wp-block-button__link has-text-color has-vivid-red-color has-background has-luminous-vivid-amber-background-color\" href=\"https:\/\/darcyenjune.nl\/?page_id=6845\">Jachttraining<\/a><\/div>\n\n\n\n<h3 class=\"wp-block-heading\"><strong>GG<\/strong><\/h3>\n\n\n\n<p>Dit gaat heel goed, het volgen gaat heel mooi. Het vak gaat\ngoed, we staan er dichtbij en Blaine mag zitten.<\/p>\n\n\n\n<h2 class=\"wp-block-heading\">Woensdag 27 februari<\/h2>\n\n\n\n<h3 class=\"wp-block-heading\">Trainen<\/h3>\n\n\n\n<figure class=\"wp-block-gallery columns-2 is-cropped wp-block-gallery-1 is-layout-flex\"><ul class=\"blocks-gallery-grid\"><li class=\"blocks-gallery-item\"><figure><img decoding=\"async\" loading=\"lazy\" width=\"208\" height=\"411\" src=\"http:\/\/darcyenjune.nl\/wp-content\/uploads\/2019\/03\/sized_20190227_143636-2-e1551778538330-208x411.jpg\" alt=\"\" data-id=\"10543\" data-link=\"https:\/\/darcyenjune.nl\/?attachment_id=10543\" class=\"wp-image-10543\" srcset=\"https:\/\/darcyenjune.nl\/wp-content\/uploads\/2019\/03\/sized_20190227_143636-2-e1551778538330-208x411.jpg 208w, https:\/\/darcyenjune.nl\/wp-content\/uploads\/2019\/03\/sized_20190227_143636-2-e1551778538330.jpg 404w\" sizes=\"(max-width: 208px) 100vw, 208px\" \/><figcaption class=\"blocks-gallery-item__caption\">Isa, Mexx en Blaine, training Vinkeveen<\/figcaption><\/figure><\/li><li class=\"blocks-gallery-item\"><figure><img decoding=\"async\" loading=\"lazy\" width=\"265\" height=\"411\" src=\"http:\/\/darcyenjune.nl\/wp-content\/uploads\/2019\/03\/sized_20190227_140845-1-265x411.jpg\" alt=\"\" data-id=\"10542\" data-link=\"https:\/\/darcyenjune.nl\/?attachment_id=10542\" class=\"wp-image-10542\" srcset=\"https:\/\/darcyenjune.nl\/wp-content\/uploads\/2019\/03\/sized_20190227_140845-1-265x411.jpg 265w, https:\/\/darcyenjune.nl\/wp-content\/uploads\/2019\/03\/sized_20190227_140845-1-242x375.jpg 242w, https:\/\/darcyenjune.nl\/wp-content\/uploads\/2019\/03\/sized_20190227_140845-1-450x698.jpg 450w, https:\/\/darcyenjune.nl\/wp-content\/uploads\/2019\/03\/sized_20190227_140845-1.jpg 516w\" sizes=\"(max-width: 265px) 100vw, 265px\" \/><figcaption class=\"blocks-gallery-item__caption\">training Vinkeveen<\/figcaption><\/figure><\/li><\/ul><\/figure>\n\n\n\n<p>Jachttraining in Vinkeveen aan de Demmeriksekade, voor de laatste\nkeer. De trainer kwam de boswachter tegen en hij vertelde dat het deze week\nvoor het laatst open is voor loslopende honden, het wordt een stiltegebied. Weer\neen mooi wandel en trainingsgebied weg. De honden kunnen hier ongestoord\nloslopen, geen gevaar, niet veel wild, waarom?? Tuurlijk mag er wel gewoon\ngefietst worden\u2026.. <\/p>\n\n\n\n<p><em>Hoe gaat de training?<\/em><\/p>\n\n\n\n<div class=\"wp-block-button\"><a class=\"wp-block-button__link has-text-color has-vivid-red-color has-background has-luminous-vivid-amber-background-color\" href=\"https:\/\/darcyenjune.nl\/?page_id=7931\">Jachttraining<\/a><\/div>\n\n\n\n<h2 class=\"wp-block-heading\">Donderdag 28 februari<\/h2>\n\n\n\n<h3 class=\"wp-block-heading\"><strong>Jagen<\/strong><\/h3>\n\n\n\n<p>Ik ben vrij en we rijden naar de Hoofdvaart in Nieuw-Vennep.\nMaddy stuit op een haas en rent er achteraan, Blaine doet mee. Gelukkig blijven\nze niet heel lang weg.<\/p>\n\n\n\n<h3 class=\"wp-block-heading\"><strong>Wedstrijd<\/strong><\/h3>\n\n\n\n<p>Ik schrijf Blaine in voor de Workingtest voor Continentaal A\nen B honden en Spaniels. Het wordt georganiseerd door de Vizla Vereniging en\nhet is op 18 mei.<\/p>\n\n\n\n<div class=\"wp-block-image\"><figure class=\"alignleft\"><img decoding=\"async\" loading=\"lazy\" width=\"279\" height=\"411\" src=\"https:\/\/darcyenjune.nl\/wp-content\/uploads\/2019\/03\/sized_IMGP0801-279x411.jpg\" alt=\"\" class=\"wp-image-10572\" srcset=\"https:\/\/darcyenjune.nl\/wp-content\/uploads\/2019\/03\/sized_IMGP0801-279x411.jpg 279w, https:\/\/darcyenjune.nl\/wp-content\/uploads\/2019\/03\/sized_IMGP0801-255x375.jpg 255w, https:\/\/darcyenjune.nl\/wp-content\/uploads\/2019\/03\/sized_IMGP0801-450x663.jpg 450w, https:\/\/darcyenjune.nl\/wp-content\/uploads\/2019\/03\/sized_IMGP0801.jpg 543w\" sizes=\"(max-width: 279px) 100vw, 279px\" \/><\/figure><\/div>\n\n\n\n<h4 class=\"wp-block-heading\"><strong>Het is mis met Blaine<\/strong><\/h4>\n\n\n\n<p>\u2018s Middags stapt ze van de bank &nbsp;en ik hoor een piep. Ik neem haar uit voorzorg\nniet mee met de wandeling en loop een klein rondje met haar. Dit gaat goed en\nmerk niets tijdens het lopen. Wanneer ik Maddy aanlijn voor de lange wandeling\nwil Blaine ook mee. Oef dat doet zeer, ze wil zo graag mee. \u2019s Avonds heeft ze\necht pijn, ze is heel heel zielig. Ze durft niet te liggen, te lopen. Ik geef\neen pijnstiller, eerst een kwart Carprodyl, maar later geef ik nog een half. Ze\ndurft niet in de mand, ze associeert dat met de pijn, want ze voelt een\npijnscheut wanneer ze opstaat uit. Nu ligt ze op de mat bij de achterdeur te\nbibberen, de arme schat. Voor de nacht geef ik nog een kwart Carprodyl en\ngelukkig gaat ze wel op de bank liggen.<\/p>\n\n\n\n<h2 class=\"wp-block-heading\">Vrijdag 1 maart<\/h2>\n\n\n\n<h3 class=\"wp-block-heading\"><strong>Blaine heeft pijn<\/strong><\/h3>\n\n\n\n<p>\u2019s Morgens gaat het best wel. Zal ik haar meenemen naar de\nBavo? Mijn verstand zegt nee, maar mijn gevoel ja. Blaine springt in de auto,\npiep!! Dit gaat slecht dus. Waar komt het vandaan? Achterpoten, voorpoten?\nWanneer ze op de Bavo uit de auto springt hoor ik niets. Achterpoten dus. Lopen\ngaat goed, eerst hou ik haar aan de lange lijn, maar ze trekt meteen. Dit werkt\nook niet en ik laat haar los. Wanneer ze gaat rennen, maan ik haar tot rust en\nze luistert. Het gaat mis wanneer ze overmoedig wordt en in liggende houding wacht\nom Maddy aan te vallen. Ze staat op en PIEP! Oeh dit doet pijn en daarna is ze\nweer van slag. Ik lijn haar aan en rustig aan lopen we naar de auto. Met\ninspringen piept ze weer, met uitspringen niet. <\/p>\n\n\n\n<h3 class=\"wp-block-heading\"><strong>Hoe gaat het nu?<\/strong><\/h3>\n\n\n\n<p>Na het wandelen heeft Blaine een pijnstiller gehad. \u201cZe slaapt\nen is niet overeind geweest\u201d, zegt mijn moeder wanneer ik haar op mijn werk\nbel. Ik ben laat thuis en nu piept Blaine weer met opstaan, ze gaat ook weer op\nde keukenmat liggen en trilt van narigheid. \u201cZal ik toch maar naar de\ndierenarts gaan\u201d, vraag ik aan mijn moeder. \u201cIk wil eigenlijk wel weten waar\nhet vandaan komt en of het veel kwaad kan.\u201d Ik bel de dierenarts en kan meteen\nkomen. Nog even niet rusten dus en ik ben al zo moe, maar ja zo heb ik ook geen\nrust. Mijn kleine baby heeft pijn en ik vind het vreselijk. Ze heeft echt bijna\nnooit wat en zeker niet zoiets als dit. We zijn een paar keer naar de\ndierenarts geweest voor aanhoudende diarree, verder niet. <\/p>\n\n\n\n<figure class=\"wp-block-image is-resized\"><img decoding=\"async\" loading=\"lazy\" src=\"https:\/\/darcyenjune.nl\/wp-content\/uploads\/2019\/03\/sized_IMGP0769-532x361.jpg\" alt=\"\" class=\"wp-image-10573\" width=\"595\" height=\"404\" srcset=\"https:\/\/darcyenjune.nl\/wp-content\/uploads\/2019\/03\/sized_IMGP0769-532x361.jpg 532w, https:\/\/darcyenjune.nl\/wp-content\/uploads\/2019\/03\/sized_IMGP0769-375x255.jpg 375w, https:\/\/darcyenjune.nl\/wp-content\/uploads\/2019\/03\/sized_IMGP0769-450x305.jpg 450w, https:\/\/darcyenjune.nl\/wp-content\/uploads\/2019\/03\/sized_IMGP0769.jpg 800w\" sizes=\"(max-width: 595px) 100vw, 595px\" \/><\/figure>\n\n\n\n<h3 class=\"wp-block-heading\"><strong>Dierenarts<\/strong><\/h3>\n\n\n\n<p>Blaine is heel braaf, aanhankelijk en rustig. Ze laat zich\ngoed onderzoeken. Voor geen gekke dingen. De hele wervelkolom wordt betast en\nbij de heupen vindt Blaine het niet leuk. Hmm wervelkolom? De heupen zijn aan\nde beurt, de dierenarts gaat grondig te werk, linker heup geeft geen\nbijzonderheden aan. Rechter heup wel! Ze piept en vindt het echt niet leuk.\nHaar rechter been wordt gedraaid en gestrekt, dit is het. Niet de wervelkolom,\nmaar rechter heup. Ernstig? \u201cik denk een verrekking,\u201d zegt de dierenarts. <\/p>\n\n\n\n<h2 class=\"wp-block-heading\"><strong>Wat nu?<\/strong><\/h2>\n\n\n\n<p>Doorgaan met de Carprodyl, ik neem extra tabletten mee,\n2xdgs een halve tablet en rust. Toch moet ze wel bewegen, het moet niet te\nstijf gaan worden. Blaine geeft thuis best weer veel pijn aan, komt natuurlijk\nook door de onderzoeken. Ik weet dit ook bij mezelf, ik moest het eenmaal thuis\naltijd weer bezuren. <\/p>\n\n\n\n<h2 class=\"wp-block-heading\">Zaterdag 2 maart<\/h2>\n\n\n\n<div class=\"wp-block-image\"><figure class=\"alignright\"><img decoding=\"async\" loading=\"lazy\" width=\"279\" height=\"411\" src=\"https:\/\/darcyenjune.nl\/wp-content\/uploads\/2019\/03\/sized_IMGP0810-279x411.jpg\" alt=\"\" class=\"wp-image-10575\" srcset=\"https:\/\/darcyenjune.nl\/wp-content\/uploads\/2019\/03\/sized_IMGP0810-279x411.jpg 279w, https:\/\/darcyenjune.nl\/wp-content\/uploads\/2019\/03\/sized_IMGP0810-255x375.jpg 255w, https:\/\/darcyenjune.nl\/wp-content\/uploads\/2019\/03\/sized_IMGP0810-450x663.jpg 450w, https:\/\/darcyenjune.nl\/wp-content\/uploads\/2019\/03\/sized_IMGP0810.jpg 543w\" sizes=\"(max-width: 279px) 100vw, 279px\" \/><\/figure><\/div>\n\n\n\n<h3 class=\"wp-block-heading\"><strong>Plannen veranderen<\/strong><\/h3>\n\n\n\n<p>Mijn weekeind plannen om te trainen of om een keer naar\nDelft te gaan vallen in het water. Het is ook niet belangrijk, Blaine en haar\ngezondheid gaat voor. Ik laat Blaine een beetje in de steek, want Ella loopt 2x\nmet haar een rondje en dat gaat heel goed. Vandaag gaat het toch een stuk beter\nen ze is heel braaf.<\/p>\n\n\n\n<h3 class=\"wp-block-heading\"><strong>Maddy<\/strong><\/h3>\n\n\n\n<p>Ze is net een jonge hond en stiekem vindt ze het wel leuk\ndat ze haar baasje helemaal voor zich alleen heeft. \u2019s Morgens gaan we naar de\ntrimbaan en \u2019s middags naar het bosgedeelte van Hollands duin aan de rechterkant.\nHet is hier altijd veel drukker, vooral met paarden en trimmers. Met Maddy\nalleen kan het wel. <\/p>\n\n\n\n<h3 class=\"wp-block-heading\"><strong>Ree<\/strong><\/h3>\n\n\n\n<p>Maddy is heel braaf, kijkt steeds waar ik ben. Wel heeft ze\nde band om. Ineens duikt ze de ruigte in en ik hoor veel kabaal. Dit is niet\nhet geritsel van een vogel of konijn. Ik kijk en zie een ree wegschieten. Shit,\nmaar ik kan altijd drukken. Het is niet nodig, ik roep en vrijwel meteen komt\nMaddy terug, ze gaat maar een heel klein stukje achter de ree aan. Super braaf\nen trots ben ik op Maddy. Ze is herten-rein, dat heeft ze genoeg bewezen en\ngeleerd van Darcy en June. Het is een tijdje geleden dat we ree\u00ebn zagen, zeker\nniet zo dichtbij. Wel ver in de verte of aan de riem. Ze bewijst nu dat ze nog\nsteeds herten-rein is.<\/p>\n","protected":false},"excerpt":{"rendered":"<p>De honden hebben een wormenkuur gehad, Millbemax grote honden 2 tabletten ieder<\/p>\n","protected":false},"author":1,"featured_media":11765,"comment_status":"open","ping_status":"closed","sticky":false,"template":"","format":"standard","meta":[],"categories":[86],"tags":[80],"_links":{"self":[{"href":"https:\/\/darcyenjune.nl\/index.php?rest_route=\/wp\/v2\/posts\/10331"}],"collection":[{"href":"https:\/\/darcyenjune.nl\/index.php?rest_route=\/wp\/v2\/posts"}],"about":[{"href":"https:\/\/darcyenjune.nl\/index.php?rest_route=\/wp\/v2\/types\/post"}],"author":[{"embeddable":true,"href":"https:\/\/darcyenjune.nl\/index.php?rest_route=\/wp\/v2\/users\/1"}],"replies":[{"embeddable":true,"href":"https:\/\/darcyenjune.nl\/index.php?rest_route=%2Fwp%2Fv2%2Fcomments&post=10331"}],"version-history":[{"count":14,"href":"https:\/\/darcyenjune.nl\/index.php?rest_route=\/wp\/v2\/posts\/10331\/revisions"}],"predecessor-version":[{"id":11767,"href":"https:\/\/darcyenjune.nl\/index.php?rest_route=\/wp\/v2\/posts\/10331\/revisions\/11767"}],"wp:featuredmedia":[{"embeddable":true,"href":"https:\/\/darcyenjune.nl\/index.php?rest_route=\/wp\/v2\/media\/11765"}],"wp:attachment":[{"href":"https:\/\/darcyenjune.nl\/index.php?rest_route=%2Fwp%2Fv2%2Fmedia&parent=10331"}],"wp:term":[{"taxonomy":"category","embeddable":true,"href":"https:\/\/darcyenjune.nl\/index.php?rest_route=%2Fwp%2Fv2%2Fcategories&post=10331"},{"taxonomy":"post_tag","embeddable":true,"href":"https:\/\/darcyenjune.nl\/index.php?rest_route=%2Fwp%2Fv2%2Ftags&post=10331"}],"curies":[{"name":"wp","href":"https:\/\/api.w.org\/{rel}","templated":true}]}}